{"id":3251,"date":"2025-04-10T16:16:34","date_gmt":"2025-04-10T19:16:34","guid":{"rendered":"https:\/\/activabaires.tur.ar\/?p=3251"},"modified":"2025-04-10T16:16:37","modified_gmt":"2025-04-10T19:16:37","slug":"caminito-suas-cores-e-historia","status":"publish","type":"post","link":"https:\/\/activabaires.tur.ar\/pt\/caminito-suas-cores-e-historia\/","title":{"rendered":"Caminito: Suas Cores e Hist\u00f3ria"},"content":{"rendered":"<p><strong>A hist\u00f3ria das Ilhas Malvinas (ou Falkland Islands, como s\u00e3o conhecidas no Reino Unido) \u00e9 marcada por disputas, reivindica\u00e7\u00f5es e, tragicamente, por uma guerra que deixou <\/strong>O Caminito, no bairro de La Boca, \u00e9 um dos lugares mais ic\u00f4nicos e fotografados de Buenos Aires. Suas ruas de paralelep\u00edpedos, casas coloridas e forte conex\u00e3o com o tango fazem deste ponto tur\u00edstico um destino obrigat\u00f3rio para quem visita a cidade. Mas al\u00e9m da est\u00e9tica vibrante que atrai turistas do mundo todo, o Caminito tem uma hist\u00f3ria fascinante que reflete a alma portenha.<\/p>\n\n\n\n<p>Se voc\u00ea quer entender a origem deste cen\u00e1rio t\u00e3o fotog\u00eanico e mergulhar na sua ess\u00eancia cultural, vem com a gente nessa viagem pelo Caminito: suas cores e sua hist\u00f3ria!<\/p>\n\n\n\n<h4 class=\"wp-block-heading\"><strong><strong>O Caminito e a Imigra\u00e7\u00e3o: Um Passado Portu\u00e1rio<\/strong><\/strong><\/h4>\n\n\n\n<p>A hist\u00f3ria do Caminito come\u00e7a no final do s\u00e9culo XIX, quando La Boca era um dos principais bairros portu\u00e1rios de Buenos Aires. A regi\u00e3o recebeu um grande n\u00famero de imigrantes, principalmente italianos (muitos deles genoveses), que vieram em busca de oportunidades na Am\u00e9rica do Sul.<\/p>\n\n\n\n<p>Por ser uma \u00e1rea humilde, os rec\u00e9m-chegados constru\u00edram suas casas de madeira e chapa met\u00e1lica, utilizando tintas de sobra dos navios que atracavam no porto. Isso deu origem ao visual colorido que, ainda hoje, \u00e9 uma das caracter\u00edsticas mais marcantes do Caminito.<\/p>\n\n\n\n<p>Al\u00e9m das cores, La Boca sempre teve uma identidade forte ligada \u00e0 cultura e \u00e0 arte, principalmente ao tango e ao futebol \u2013 j\u00e1 que o bairro tamb\u00e9m \u00e9 a casa do famoso Boca Juniors, um dos maiores times da Argentina.<\/p>\n\n\n\n<h4 class=\"wp-block-heading\"><strong><strong>Do Abandono \u00e0 Arte: O Caminho do Caminito<\/strong><\/strong><\/h4>\n\n\n\n<p>No in\u00edcio do s\u00e9culo XX, a regi\u00e3o come\u00e7ou a perder import\u00e2ncia econ\u00f4mica e muitas casas foram abandonadas. Por\u00e9m, nos anos 1950, um grupo de artistas locais, liderado pelo pintor Benito Quinquela Mart\u00edn, decidiu revitalizar o espa\u00e7o.<\/p>\n\n\n\n<p>Quinquela Mart\u00edn, um dos maiores expoentes da arte argentina, era apaixonado pelo bairro e por sua gente. Ele transformou as casas deterioradas em verdadeiras telas a c\u00e9u aberto, resgatando a paleta vibrante que marcou a hist\u00f3ria do local.<\/p>\n\n\n\n<p>Foi assim que, em 1959, o Caminito foi oficializado como museu a c\u00e9u aberto, tornando-se um dos primeiros do mundo nesse estilo. O nome &#8220;Caminito&#8221; foi inspirado em um famoso tango de 1926, composto por Juan de Dios Filiberto, que homenageia uma antiga trilha do bairro.<\/p>\n\n\n\n<h4 class=\"wp-block-heading\"><strong><strong>O Que Fazer no Caminito?<\/strong><\/strong><\/h4>\n\n\n\n<p>Os soldados argentinos que lutaram nas Malvinas enfrentaram n\u00e3o apenas a batalha no campo de guerra, mas tamb\u00e9m um dif\u00edcil retorno ao pa\u00eds. Hoje, o Caminito \u00e9 um ponto tur\u00edstico cheio de vida, perfeito para explorar e sentir a ess\u00eancia portenha. Aqui est\u00e3o algumas atividades imperd\u00edveis:<\/p>\n\n\n\n<p>\ud83c\udfa8 <strong>Admirar os murais e fachadas<\/strong> \u2013 O bairro mant\u00e9m viva a arte de Quinquela Mart\u00edn, e cada esquina tem um detalhe colorido para fotografar.<\/p>\n\n\n\n<p>\ud83d\udc83 <strong>Assistir a apresenta\u00e7\u00f5es de tango ao vivo<\/strong> \u2013 Dan\u00e7arinos costumam se apresentar na rua ou em bares locais.<\/p>\n\n\n\n<p>\ud83d\uddbc\ufe0f <strong>Visitar o Museo Benito Quinquela Mart\u00edn<\/strong> \u2013 Um espa\u00e7o dedicado ao artista que ajudou a transformar o Caminito, com obras incr\u00edveis sobre a vida portu\u00e1ria.<\/p>\n\n\n\n<p>\u26bd <strong>Conhecer a Bombonera<\/strong> \u2013 O est\u00e1dio do Boca Juniors fica a poucos minutos de caminhada e \u00e9 um dos templos do futebol argentino.\ud83d\udecd\ufe0f <strong>Explorar as feirinhas de artesanato<\/strong> \u2013 \u00d3timo para levar uma lembran\u00e7a especial da cidade, como pinturas, im\u00e3s e objetos feitos \u00e0 m\u00e3o. Recomendamos muito a parada na Casa del 10, uma galeria incr\u00edvel, com muitas op\u00e7\u00f5es para comprar lembrancinhas e desfrutar de uma experi\u00eancia de sabores argentinos. Fica logo ali, do ladinho da famosa Porta 12, do est\u00e1dio do Boca Juniors.<\/p>\n\n\n\n<h4 class=\"wp-block-heading\"><strong><strong><strong>Dica Extra: Melhor Hor\u00e1rio para Visitar<\/strong><\/strong><\/strong><\/h4>\n\n\n\n<p>Se voc\u00ea quer aproveitar o Caminito com calma e sem tantas multid\u00f5es, a melhor op\u00e7\u00e3o \u00e9 visitar pela manh\u00e3, logo ap\u00f3s a abertura das lojas e restaurantes. Durante a tarde, o movimento aumenta e pode ser mais dif\u00edcil caminhar pelas ruas estreitas.<\/p>\n\n\n\n<p>Ah, e lembre-se: o Caminito \u00e9 um local tur\u00edstico, ent\u00e3o tome cuidado com seus pertences e evite se afastar das \u00e1reas movimentadas.<\/p>\n\n\n\n<h4 class=\"wp-block-heading\"><strong><strong><strong>O Caminito \u00e9 a Alma de Buenos Aires<\/strong><\/strong><\/strong><\/h4>\n\n\n\n<p>Mais do que um cart\u00e3o-postal, o Caminito \u00e9 um s\u00edmbolo da hist\u00f3ria e da identidade cultural de Buenos Aires. Suas cores vibrantes contam a trajet\u00f3ria de um bairro que nasceu da imigra\u00e7\u00e3o, cresceu com o trabalho \u00e1rduo de sua gente e se reinventou por meio da arte e da paix\u00e3o pelo tango.<\/p>\n\n\n\n<p>Se voc\u00ea est\u00e1 planejando sua viagem para Buenos Aires, n\u00e3o deixe de incluir o Caminito no roteiro e sinta a energia desse pedacinho \u00fanico da cidade! \ud83c\udfa8\ud83d\udc83<\/p>\n\n\n\n<h5 class=\"wp-block-heading\">\ud83d\udc49 J\u00e1 visitou o Caminito? O que achou? Conta pra gente nos coment\u00e1rios! \ud83d\udc47<\/h5>\n\n\n\n<p><\/p>\n\n\n\n<div class=\"wp-block-uagb-blockquote uagb-block-03cc1f6f uagb-blockquote__skin-border uagb-blockquote__with-tweet uagb-blockquote__tweet-style-classic uagb-blockquote__tweet-icon_text uagb-blockquote__stack-img-none\"><blockquote class=\"uagb-blockquote\"><div class=\"uagb-blockquote__content\">Escrito por <\/div><footer><div class=\"uagb-blockquote__author-wrap uagb-blockquote__author-at-left\"><cite class=\"uagb-blockquote__author\">Amy Am\u00f3ra<\/cite><\/div><a href=\"\/pt\/\" class=\"uagb-blockquote__tweet-button\" target=\"_blank\" rel=\"noopener noreferrer\"><svg width=\"20\" height=\"20\" viewbox=\"0 0 512 512\"><path d=\"M459.37 151.716c.325 4.548.325 9.097.325 13.645 0 138.72-105.583 298.558-298.558 298.558-59.452 0-114.68-17.219-161.137-47.106 8.447.974 16.568 1.299 25.34 1.299 49.055 0 94.213-16.568 130.274-44.832-46.132-.975-84.792-31.188-98.112-72.772 6.498.974 12.995 1.624 19.818 1.624 9.421 0 18.843-1.3 27.614-3.573-48.081-9.747-84.143-51.98-84.143-102.985v-1.299c13.969 7.797 30.214 12.67 47.431 13.319-28.264-18.843-46.781-51.005-46.781-87.391 0-19.492 5.197-37.36 14.294-52.954 51.655 63.675 129.3 105.258 216.365 109.807-1.624-7.797-2.599-15.918-2.599-24.04 0-57.828 46.782-104.934 104.934-104.934 30.213 0 57.502 12.67 76.67 33.137 23.715-4.548 46.456-13.32 66.599-25.34-7.798 24.366-24.366 44.833-46.132 57.827 21.117-2.273 41.584-8.122 60.426-16.243-14.292 20.791-32.161 39.308-52.628 54.253z\"><\/path><\/svg>Tweet<\/a><\/footer><\/blockquote><\/div>\n\n\n\n<p><\/p>","protected":false},"excerpt":{"rendered":"<p>A hist\u00f3ria das Ilhas Malvinas (ou Falkland Islands, como s\u00e3o conhecidas no Reino Unido) \u00e9 marcada por disputas, reivindica\u00e7\u00f5es e, tragicamente, por uma guerra que deixou O Caminito, no bairro de La Boca, \u00e9 um dos lugares mais ic\u00f4nicos e fotografados de Buenos Aires. Suas ruas de paralelep\u00edpedos, casas coloridas e forte conex\u00e3o com o [&hellip;]<\/p>","protected":false},"author":1,"featured_media":3252,"comment_status":"open","ping_status":"open","sticky":false,"template":"","format":"standard","meta":{"_eb_attr":"","_uag_custom_page_level_css":"","site-sidebar-layout":"default","site-content-layout":"default","ast-site-content-layout":"default","site-content-style":"default","site-sidebar-style":"default","ast-global-header-display":"","ast-banner-title-visibility":"","ast-main-header-display":"","ast-hfb-above-header-display":"","ast-hfb-below-header-display":"","ast-hfb-mobile-header-display":"","site-post-title":"","ast-breadcrumbs-content":"","ast-featured-img":"","footer-sml-layout":"","theme-transparent-header-meta":"default","adv-header-id-meta":"","stick-header-meta":"","header-above-stick-meta":"","header-main-stick-meta":"","header-below-stick-meta":"","astra-migrate-meta-layouts":"set","ast-page-background-enabled":"default","ast-page-background-meta":{"desktop":{"background-color":"","background-image":"","background-repeat":"repeat","background-position":"center center","background-size":"auto","background-attachment":"scroll","background-type":"","background-media":"","overlay-type":"","overlay-color":"","overlay-opacity":"","overlay-gradient":""},"tablet":{"background-color":"","background-image":"","background-repeat":"repeat","background-position":"center center","background-size":"auto","background-attachment":"scroll","background-type":"","background-media":"","overlay-type":"","overlay-color":"","overlay-opacity":"","overlay-gradient":""},"mobile":{"background-color":"","background-image":"","background-repeat":"repeat","background-position":"center center","background-size":"auto","background-attachment":"scroll","background-type":"","background-media":"","overlay-type":"","overlay-color":"","overlay-opacity":"","overlay-gradient":""}},"ast-content-background-meta":{"desktop":{"background-color":"var(--ast-global-color-5)","background-image":"","background-repeat":"repeat","background-position":"center center","background-size":"auto","background-attachment":"scroll","background-type":"","background-media":"","overlay-type":"","overlay-color":"","overlay-opacity":"","overlay-gradient":""},"tablet":{"background-color":"var(--ast-global-color-5)","background-image":"","background-repeat":"repeat","background-position":"center center","background-size":"auto","background-attachment":"scroll","background-type":"","background-media":"","overlay-type":"","overlay-color":"","overlay-opacity":"","overlay-gradient":""},"mobile":{"background-color":"var(--ast-global-color-5)","background-image":"","background-repeat":"repeat","background-position":"center center","background-size":"auto","background-attachment":"scroll","background-type":"","background-media":"","overlay-type":"","overlay-color":"","overlay-opacity":"","overlay-gradient":""}},"footnotes":""},"categories":[4,8],"tags":[],"class_list":["post-3251","post","type-post","status-publish","format-standard","has-post-thumbnail","hentry","category-play-spaces","category-toddlers"],"uagb_featured_image_src":{"full":["https:\/\/activabaires.tur.ar\/wp-content\/uploads\/2025\/04\/Caminito.webp",1200,725,false],"thumbnail":["https:\/\/activabaires.tur.ar\/wp-content\/uploads\/2025\/04\/Caminito-150x150.webp",150,150,true],"medium":["https:\/\/activabaires.tur.ar\/wp-content\/uploads\/2025\/04\/Caminito-300x181.webp",300,181,true],"medium_large":["https:\/\/activabaires.tur.ar\/wp-content\/uploads\/2025\/04\/Caminito-768x464.webp",768,464,true],"large":["https:\/\/activabaires.tur.ar\/wp-content\/uploads\/2025\/04\/Caminito-1024x619.webp",1024,619,true],"1536x1536":["https:\/\/activabaires.tur.ar\/wp-content\/uploads\/2025\/04\/Caminito.webp",1200,725,false],"2048x2048":["https:\/\/activabaires.tur.ar\/wp-content\/uploads\/2025\/04\/Caminito.webp",1200,725,false],"trp-custom-language-flag":["https:\/\/activabaires.tur.ar\/wp-content\/uploads\/2025\/04\/Caminito-18x12.webp",18,12,true]},"uagb_author_info":{"display_name":"activabaires03","author_link":"https:\/\/activabaires.tur.ar\/pt\/author\/activabaires03\/"},"uagb_comment_info":0,"uagb_excerpt":"A hist\u00f3ria das Ilhas Malvinas (ou Falkland Islands, como s\u00e3o conhecidas no Reino Unido) \u00e9 marcada por disputas, reivindica\u00e7\u00f5es e, tragicamente, por uma guerra que deixou O Caminito, no bairro de La Boca, \u00e9 um dos lugares mais ic\u00f4nicos e fotografados de Buenos Aires. Suas ruas de paralelep\u00edpedos, casas coloridas e forte conex\u00e3o com o&hellip;","_links":{"self":[{"href":"https:\/\/activabaires.tur.ar\/pt\/wp-json\/wp\/v2\/posts\/3251","targetHints":{"allow":["GET"]}}],"collection":[{"href":"https:\/\/activabaires.tur.ar\/pt\/wp-json\/wp\/v2\/posts"}],"about":[{"href":"https:\/\/activabaires.tur.ar\/pt\/wp-json\/wp\/v2\/types\/post"}],"author":[{"embeddable":true,"href":"https:\/\/activabaires.tur.ar\/pt\/wp-json\/wp\/v2\/users\/1"}],"replies":[{"embeddable":true,"href":"https:\/\/activabaires.tur.ar\/pt\/wp-json\/wp\/v2\/comments?post=3251"}],"version-history":[{"count":1,"href":"https:\/\/activabaires.tur.ar\/pt\/wp-json\/wp\/v2\/posts\/3251\/revisions"}],"predecessor-version":[{"id":3253,"href":"https:\/\/activabaires.tur.ar\/pt\/wp-json\/wp\/v2\/posts\/3251\/revisions\/3253"}],"wp:featuredmedia":[{"embeddable":true,"href":"https:\/\/activabaires.tur.ar\/pt\/wp-json\/wp\/v2\/media\/3252"}],"wp:attachment":[{"href":"https:\/\/activabaires.tur.ar\/pt\/wp-json\/wp\/v2\/media?parent=3251"}],"wp:term":[{"taxonomy":"category","embeddable":true,"href":"https:\/\/activabaires.tur.ar\/pt\/wp-json\/wp\/v2\/categories?post=3251"},{"taxonomy":"post_tag","embeddable":true,"href":"https:\/\/activabaires.tur.ar\/pt\/wp-json\/wp\/v2\/tags?post=3251"}],"curies":[{"name":"wp","href":"https:\/\/api.w.org\/{rel}","templated":true}]}}