{"id":3264,"date":"2025-04-15T10:51:58","date_gmt":"2025-04-15T13:51:58","guid":{"rendered":"https:\/\/activabaires.tur.ar\/?p=3264"},"modified":"2025-04-15T10:52:01","modified_gmt":"2025-04-15T13:52:01","slug":"lugares-para-ver-o-por-do-sol-em-buenos-aires","status":"publish","type":"post","link":"https:\/\/activabaires.tur.ar\/pt\/lugares-para-ver-o-por-do-sol-em-buenos-aires\/","title":{"rendered":"Lugares para Ver o P\u00f4r do Sol em Buenos Aires"},"content":{"rendered":"<p>Buenos Aires \u00e9 uma cidade cheia de charme a qualquer hora do dia, mas quando o sol come\u00e7a a se p\u00f4r, a paisagem ganha um brilho especial. Se voc\u00ea quer desfrutar de um fim de tarde inesquec\u00edvel, confira esses lugares perfeitos para ver o p\u00f4r do sol!<\/p>\n\n\n\n<h3 class=\"wp-block-heading\"><strong>Os Melhores Lugares para Assistir ao P\u00f4r do Sol<\/strong><\/h3>\n\n\n\n<p>\ud83d\udea2 <strong>Atardecer com Open Bar no Humberto M<\/strong> \u2013 Que tal assistir ao p\u00f4r do sol navegando pelo Rio da Prata? A bordo do cruzeiro Humberto M, voc\u00ea poder\u00e1 desfrutar de um open bar enquanto observa a cidade ganhando tons dourados ao entardecer. Uma experi\u00eancia sofisticada e imperd\u00edvel!<\/p>\n\n\n\n<p>\ud83d\udcf8 <strong>Postales de Buenos Aires<\/strong> \u2013 Esse tour exclusivo combina os principais cart\u00f5es-postais da cidade com um encerramento espetacular: um p\u00f4r do sol digno de cinema! Al\u00e9m de conhecer lugares ic\u00f4nicos, voc\u00ea ter\u00e1 a oportunidade de registrar o entardecer de um dos pontos mais bonitos de Buenos Aires.<\/p>\n\n\n\n<p>\ud83c\udf07 <strong>Floralis Gen\u00e9rica<\/strong> \u2013 A famosa escultura met\u00e1lica que abre e fecha suas p\u00e9talas ao longo do dia reflete o dourado do sol de uma maneira \u00fanica, criando um espet\u00e1culo de luz e cor.<\/p>\n\n\n\n<p>\ud83c\udf0a <strong>Reserva Ecol\u00f3gica Costanera Sur<\/strong> \u2013 Para quem busca um cen\u00e1rio natural, a reserva oferece trilhas e \u00e1reas abertas com vista para o Rio da Prata, onde o sol desaparece no horizonte.<\/p>\n\n\n\n<p>\ud83c\udfd9\ufe0f <strong>Rooftops<\/strong> \u2013 Quer um visual incr\u00edvel com um drink na m\u00e3o? Bares como <em>Sal\u00f3n 1923<\/em> e <em>Trade Sky Bar <\/em>oferecem vistas panor\u00e2micas espetaculares da cidade.<\/p>\n\n\n\n<p>\ud83c\udfa1 <strong>Parque de la Costa<\/strong> \u2013 Se voc\u00ea estiver disposto a sair um pouco do centro, o Tigre tem um p\u00f4r do sol encantador, especialmente visto da roda-gigante do parque de divers\u00f5es.<\/p>\n\n\n\n<h3 class=\"wp-block-heading\"><strong>Dica Extra<\/strong><\/h3>\n\n\n\n<p>Leve uma c\u00e2mera ou seu celular carregado, porque o p\u00f4r do sol em Buenos Aires rende fotos incr\u00edveis!<\/p>\n\n\n\n<h5 class=\"wp-block-heading\">\ud83d\udcf8 J\u00e1 viu um p\u00f4r do sol inesquec\u00edvel por aqui? Compartilhe sua experi\u00eancia nos coment\u00e1rios! \ud83d\udc47<\/h5>\n\n\n\n<p><\/p>\n\n\n\n<div class=\"wp-block-uagb-blockquote uagb-block-03cc1f6f uagb-blockquote__skin-border uagb-blockquote__with-tweet uagb-blockquote__tweet-style-classic uagb-blockquote__tweet-icon_text uagb-blockquote__stack-img-none\"><blockquote class=\"uagb-blockquote\"><div class=\"uagb-blockquote__content\">Escrito por <\/div><footer><div class=\"uagb-blockquote__author-wrap uagb-blockquote__author-at-left\"><cite class=\"uagb-blockquote__author\">Amy Am\u00f3ra<\/cite><\/div><a href=\"\/pt\/\" class=\"uagb-blockquote__tweet-button\" target=\"_blank\" rel=\"noopener noreferrer\"><svg width=\"20\" height=\"20\" viewbox=\"0 0 512 512\"><path d=\"M459.37 151.716c.325 4.548.325 9.097.325 13.645 0 138.72-105.583 298.558-298.558 298.558-59.452 0-114.68-17.219-161.137-47.106 8.447.974 16.568 1.299 25.34 1.299 49.055 0 94.213-16.568 130.274-44.832-46.132-.975-84.792-31.188-98.112-72.772 6.498.974 12.995 1.624 19.818 1.624 9.421 0 18.843-1.3 27.614-3.573-48.081-9.747-84.143-51.98-84.143-102.985v-1.299c13.969 7.797 30.214 12.67 47.431 13.319-28.264-18.843-46.781-51.005-46.781-87.391 0-19.492 5.197-37.36 14.294-52.954 51.655 63.675 129.3 105.258 216.365 109.807-1.624-7.797-2.599-15.918-2.599-24.04 0-57.828 46.782-104.934 104.934-104.934 30.213 0 57.502 12.67 76.67 33.137 23.715-4.548 46.456-13.32 66.599-25.34-7.798 24.366-24.366 44.833-46.132 57.827 21.117-2.273 41.584-8.122 60.426-16.243-14.292 20.791-32.161 39.308-52.628 54.253z\"><\/path><\/svg>Tweet<\/a><\/footer><\/blockquote><\/div>\n\n\n\n<p><\/p>","protected":false},"excerpt":{"rendered":"<p>Buenos Aires \u00e9 uma cidade cheia de charme a qualquer hora do dia, mas quando o sol come\u00e7a a se p\u00f4r, a paisagem ganha um brilho especial. Se voc\u00ea quer desfrutar de um fim de tarde inesquec\u00edvel, confira esses lugares perfeitos para ver o p\u00f4r do sol! Os Melhores Lugares para Assistir ao P\u00f4r do [&hellip;]<\/p>","protected":false},"author":1,"featured_media":3266,"comment_status":"open","ping_status":"open","sticky":false,"template":"","format":"standard","meta":{"_eb_attr":"","_uag_custom_page_level_css":"","site-sidebar-layout":"default","site-content-layout":"default","ast-site-content-layout":"default","site-content-style":"default","site-sidebar-style":"default","ast-global-header-display":"","ast-banner-title-visibility":"","ast-main-header-display":"","ast-hfb-above-header-display":"","ast-hfb-below-header-display":"","ast-hfb-mobile-header-display":"","site-post-title":"","ast-breadcrumbs-content":"","ast-featured-img":"","footer-sml-layout":"","theme-transparent-header-meta":"default","adv-header-id-meta":"","stick-header-meta":"","header-above-stick-meta":"","header-main-stick-meta":"","header-below-stick-meta":"","astra-migrate-meta-layouts":"set","ast-page-background-enabled":"default","ast-page-background-meta":{"desktop":{"background-color":"","background-image":"","background-repeat":"repeat","background-position":"center center","background-size":"auto","background-attachment":"scroll","background-type":"","background-media":"","overlay-type":"","overlay-color":"","overlay-opacity":"","overlay-gradient":""},"tablet":{"background-color":"","background-image":"","background-repeat":"repeat","background-position":"center center","background-size":"auto","background-attachment":"scroll","background-type":"","background-media":"","overlay-type":"","overlay-color":"","overlay-opacity":"","overlay-gradient":""},"mobile":{"background-color":"","background-image":"","background-repeat":"repeat","background-position":"center center","background-size":"auto","background-attachment":"scroll","background-type":"","background-media":"","overlay-type":"","overlay-color":"","overlay-opacity":"","overlay-gradient":""}},"ast-content-background-meta":{"desktop":{"background-color":"var(--ast-global-color-5)","background-image":"","background-repeat":"repeat","background-position":"center center","background-size":"auto","background-attachment":"scroll","background-type":"","background-media":"","overlay-type":"","overlay-color":"","overlay-opacity":"","overlay-gradient":""},"tablet":{"background-color":"var(--ast-global-color-5)","background-image":"","background-repeat":"repeat","background-position":"center center","background-size":"auto","background-attachment":"scroll","background-type":"","background-media":"","overlay-type":"","overlay-color":"","overlay-opacity":"","overlay-gradient":""},"mobile":{"background-color":"var(--ast-global-color-5)","background-image":"","background-repeat":"repeat","background-position":"center center","background-size":"auto","background-attachment":"scroll","background-type":"","background-media":"","overlay-type":"","overlay-color":"","overlay-opacity":"","overlay-gradient":""}},"footnotes":""},"categories":[4,8],"tags":[],"class_list":["post-3264","post","type-post","status-publish","format-standard","has-post-thumbnail","hentry","category-play-spaces","category-toddlers"],"uagb_featured_image_src":{"full":["https:\/\/activabaires.tur.ar\/wp-content\/uploads\/2025\/04\/os-melhores-pontos-para-ver-o-nascer-e-o-por-sol-em-buenos-aires-dani-noce-destaque.jpg",1060,690,false],"thumbnail":["https:\/\/activabaires.tur.ar\/wp-content\/uploads\/2025\/04\/os-melhores-pontos-para-ver-o-nascer-e-o-por-sol-em-buenos-aires-dani-noce-destaque-150x150.jpg",150,150,true],"medium":["https:\/\/activabaires.tur.ar\/wp-content\/uploads\/2025\/04\/os-melhores-pontos-para-ver-o-nascer-e-o-por-sol-em-buenos-aires-dani-noce-destaque-300x195.jpg",300,195,true],"medium_large":["https:\/\/activabaires.tur.ar\/wp-content\/uploads\/2025\/04\/os-melhores-pontos-para-ver-o-nascer-e-o-por-sol-em-buenos-aires-dani-noce-destaque-768x500.jpg",768,500,true],"large":["https:\/\/activabaires.tur.ar\/wp-content\/uploads\/2025\/04\/os-melhores-pontos-para-ver-o-nascer-e-o-por-sol-em-buenos-aires-dani-noce-destaque-1024x667.jpg",1024,667,true],"1536x1536":["https:\/\/activabaires.tur.ar\/wp-content\/uploads\/2025\/04\/os-melhores-pontos-para-ver-o-nascer-e-o-por-sol-em-buenos-aires-dani-noce-destaque.jpg",1060,690,false],"2048x2048":["https:\/\/activabaires.tur.ar\/wp-content\/uploads\/2025\/04\/os-melhores-pontos-para-ver-o-nascer-e-o-por-sol-em-buenos-aires-dani-noce-destaque.jpg",1060,690,false],"trp-custom-language-flag":["https:\/\/activabaires.tur.ar\/wp-content\/uploads\/2025\/04\/os-melhores-pontos-para-ver-o-nascer-e-o-por-sol-em-buenos-aires-dani-noce-destaque-18x12.jpg",18,12,true]},"uagb_author_info":{"display_name":"activabaires03","author_link":"https:\/\/activabaires.tur.ar\/pt\/author\/activabaires03\/"},"uagb_comment_info":0,"uagb_excerpt":"Buenos Aires \u00e9 uma cidade cheia de charme a qualquer hora do dia, mas quando o sol come\u00e7a a se p\u00f4r, a paisagem ganha um brilho especial. Se voc\u00ea quer desfrutar de um fim de tarde inesquec\u00edvel, confira esses lugares perfeitos para ver o p\u00f4r do sol! Os Melhores Lugares para Assistir ao P\u00f4r do&hellip;","_links":{"self":[{"href":"https:\/\/activabaires.tur.ar\/pt\/wp-json\/wp\/v2\/posts\/3264","targetHints":{"allow":["GET"]}}],"collection":[{"href":"https:\/\/activabaires.tur.ar\/pt\/wp-json\/wp\/v2\/posts"}],"about":[{"href":"https:\/\/activabaires.tur.ar\/pt\/wp-json\/wp\/v2\/types\/post"}],"author":[{"embeddable":true,"href":"https:\/\/activabaires.tur.ar\/pt\/wp-json\/wp\/v2\/users\/1"}],"replies":[{"embeddable":true,"href":"https:\/\/activabaires.tur.ar\/pt\/wp-json\/wp\/v2\/comments?post=3264"}],"version-history":[{"count":1,"href":"https:\/\/activabaires.tur.ar\/pt\/wp-json\/wp\/v2\/posts\/3264\/revisions"}],"predecessor-version":[{"id":3267,"href":"https:\/\/activabaires.tur.ar\/pt\/wp-json\/wp\/v2\/posts\/3264\/revisions\/3267"}],"wp:featuredmedia":[{"embeddable":true,"href":"https:\/\/activabaires.tur.ar\/pt\/wp-json\/wp\/v2\/media\/3266"}],"wp:attachment":[{"href":"https:\/\/activabaires.tur.ar\/pt\/wp-json\/wp\/v2\/media?parent=3264"}],"wp:term":[{"taxonomy":"category","embeddable":true,"href":"https:\/\/activabaires.tur.ar\/pt\/wp-json\/wp\/v2\/categories?post=3264"},{"taxonomy":"post_tag","embeddable":true,"href":"https:\/\/activabaires.tur.ar\/pt\/wp-json\/wp\/v2\/tags?post=3264"}],"curies":[{"name":"wp","href":"https:\/\/api.w.org\/{rel}","templated":true}]}}